{"id":14077,"date":"2024-04-17T08:54:21","date_gmt":"2024-04-17T08:54:21","guid":{"rendered":"https:\/\/swietyjerzy.elblag.pl\/?p=14077"},"modified":"2024-04-17T08:54:21","modified_gmt":"2024-04-17T08:54:21","slug":"14077","status":"publish","type":"post","link":"https:\/\/swietyjerzy.elblag.pl\/index.php\/2024\/04\/17\/14077\/","title":{"rendered":""},"content":{"rendered":"\n<p>LEKKI POWIEW DUCHA<\/p>\n\n\n\n<p>Rekolekcje ewangelizacyjne Odnowy rozpocz\u0119\u0142y si\u0119 w zesz\u0142y wtorek. Wczoraj by\u0142o drugie spotkanie. Za nami rozwa\u017canie S\u0142owa Bo\u017cego, konferencja, \u015bwiadectwo w\u0142asnego \u017cycia, no i ci\u0105g\u0142e przywo\u0142ywanie Ducha \u015awi\u0119tego. St\u0105d ka\u017cdy wtorek rekolekcji rozpoczyna wieczorna Msza \u015awi\u0119ta w naszym ko\u015bciele.<\/p>\n","protected":false},"excerpt":{"rendered":"<p>LEKKI POWIEW DUCHA Rekolekcje ewangelizacyjne Odnowy rozpocz\u0119\u0142y si\u0119 w zesz\u0142y wtorek. Wczoraj by\u0142o drugie spotkanie. Za nami&#8230;<\/p>\n","protected":false},"author":2,"featured_media":14078,"comment_status":"open","ping_status":"open","sticky":false,"template":"","format":"standard","meta":{"_tbt_post_transparent":"","_tbt_post_title":"","_tbt_post_layout":"","_tbt_post_sidebar_id":"","_tbt_post_content_style":"","_tbt_post_vertical_padding":"","_tbt_post_feature":"","_tbt_post_feature_position":"","_tbt_post_header":false,"_tbt_post_footer":false},"categories":[34],"tags":[],"class_list":["post-14077","post","type-post","status-publish","format-standard","has-post-thumbnail","hentry","category-aktualnosci"],"_links":{"self":[{"href":"https:\/\/swietyjerzy.elblag.pl\/index.php\/wp-json\/wp\/v2\/posts\/14077","targetHints":{"allow":["GET"]}}],"collection":[{"href":"https:\/\/swietyjerzy.elblag.pl\/index.php\/wp-json\/wp\/v2\/posts"}],"about":[{"href":"https:\/\/swietyjerzy.elblag.pl\/index.php\/wp-json\/wp\/v2\/types\/post"}],"author":[{"embeddable":true,"href":"https:\/\/swietyjerzy.elblag.pl\/index.php\/wp-json\/wp\/v2\/users\/2"}],"replies":[{"embeddable":true,"href":"https:\/\/swietyjerzy.elblag.pl\/index.php\/wp-json\/wp\/v2\/comments?post=14077"}],"version-history":[{"count":1,"href":"https:\/\/swietyjerzy.elblag.pl\/index.php\/wp-json\/wp\/v2\/posts\/14077\/revisions"}],"predecessor-version":[{"id":14079,"href":"https:\/\/swietyjerzy.elblag.pl\/index.php\/wp-json\/wp\/v2\/posts\/14077\/revisions\/14079"}],"wp:featuredmedia":[{"embeddable":true,"href":"https:\/\/swietyjerzy.elblag.pl\/index.php\/wp-json\/wp\/v2\/media\/14078"}],"wp:attachment":[{"href":"https:\/\/swietyjerzy.elblag.pl\/index.php\/wp-json\/wp\/v2\/media?parent=14077"}],"wp:term":[{"taxonomy":"category","embeddable":true,"href":"https:\/\/swietyjerzy.elblag.pl\/index.php\/wp-json\/wp\/v2\/categories?post=14077"},{"taxonomy":"post_tag","embeddable":true,"href":"https:\/\/swietyjerzy.elblag.pl\/index.php\/wp-json\/wp\/v2\/tags?post=14077"}],"curies":[{"name":"wp","href":"https:\/\/api.w.org\/{rel}","templated":true}]}}