{"id":14061,"date":"2024-03-25T05:42:01","date_gmt":"2024-03-25T05:42:01","guid":{"rendered":"https:\/\/swietyjerzy.elblag.pl\/?p=14061"},"modified":"2024-03-25T05:42:02","modified_gmt":"2024-03-25T05:42:02","slug":"14061","status":"publish","type":"post","link":"https:\/\/swietyjerzy.elblag.pl\/index.php\/2024\/03\/25\/14061\/","title":{"rendered":""},"content":{"rendered":"\n<p>PALMOWA NIE DO ZDARCIA<\/p>\n\n\n\n<p>Niedziela Palmowa ma si\u0119 dobrze. Zn\u00f3w dopisali rodzice i dzieci. Palmy by\u0142y oryginalne i pi\u0119kne. Dominowa\u0142y bukszpan, bazie i papierowe kwiaty. W niekt\u00f3re wkomponowane by\u0142y jajeczka. Jedna z palm by\u0142a ozdobiona wypasionymi s\u0142odyczami do zjedzenia w \u015bwi\u0119ta.&nbsp;&nbsp;<\/p>\n","protected":false},"excerpt":{"rendered":"<p>PALMOWA NIE DO ZDARCIA Niedziela Palmowa ma si\u0119 dobrze. Zn\u00f3w dopisali rodzice i dzieci. Palmy by\u0142y oryginalne&#8230;<\/p>\n","protected":false},"author":2,"featured_media":14062,"comment_status":"open","ping_status":"open","sticky":false,"template":"","format":"standard","meta":{"_tbt_post_transparent":"","_tbt_post_title":"","_tbt_post_layout":"","_tbt_post_sidebar_id":"","_tbt_post_content_style":"","_tbt_post_vertical_padding":"","_tbt_post_feature":"","_tbt_post_feature_position":"","_tbt_post_header":false,"_tbt_post_footer":false},"categories":[34],"tags":[],"class_list":["post-14061","post","type-post","status-publish","format-standard","has-post-thumbnail","hentry","category-aktualnosci"],"_links":{"self":[{"href":"https:\/\/swietyjerzy.elblag.pl\/index.php\/wp-json\/wp\/v2\/posts\/14061","targetHints":{"allow":["GET"]}}],"collection":[{"href":"https:\/\/swietyjerzy.elblag.pl\/index.php\/wp-json\/wp\/v2\/posts"}],"about":[{"href":"https:\/\/swietyjerzy.elblag.pl\/index.php\/wp-json\/wp\/v2\/types\/post"}],"author":[{"embeddable":true,"href":"https:\/\/swietyjerzy.elblag.pl\/index.php\/wp-json\/wp\/v2\/users\/2"}],"replies":[{"embeddable":true,"href":"https:\/\/swietyjerzy.elblag.pl\/index.php\/wp-json\/wp\/v2\/comments?post=14061"}],"version-history":[{"count":1,"href":"https:\/\/swietyjerzy.elblag.pl\/index.php\/wp-json\/wp\/v2\/posts\/14061\/revisions"}],"predecessor-version":[{"id":14063,"href":"https:\/\/swietyjerzy.elblag.pl\/index.php\/wp-json\/wp\/v2\/posts\/14061\/revisions\/14063"}],"wp:featuredmedia":[{"embeddable":true,"href":"https:\/\/swietyjerzy.elblag.pl\/index.php\/wp-json\/wp\/v2\/media\/14062"}],"wp:attachment":[{"href":"https:\/\/swietyjerzy.elblag.pl\/index.php\/wp-json\/wp\/v2\/media?parent=14061"}],"wp:term":[{"taxonomy":"category","embeddable":true,"href":"https:\/\/swietyjerzy.elblag.pl\/index.php\/wp-json\/wp\/v2\/categories?post=14061"},{"taxonomy":"post_tag","embeddable":true,"href":"https:\/\/swietyjerzy.elblag.pl\/index.php\/wp-json\/wp\/v2\/tags?post=14061"}],"curies":[{"name":"wp","href":"https:\/\/api.w.org\/{rel}","templated":true}]}}