{"id":14047,"date":"2024-02-29T05:54:33","date_gmt":"2024-02-29T05:54:33","guid":{"rendered":"https:\/\/swietyjerzy.elblag.pl\/?p=14047"},"modified":"2024-02-29T05:54:34","modified_gmt":"2024-02-29T05:54:34","slug":"14047","status":"publish","type":"post","link":"https:\/\/swietyjerzy.elblag.pl\/index.php\/2024\/02\/29\/14047\/","title":{"rendered":""},"content":{"rendered":"\n<p>CZAS NA NOWE \u0141AWKI? Szkoda ich. S\u0105 wygodne. Jest ich du\u017co. Przyzwyczaili\u015bmy si\u0119 do nich. Stan naszych \u0142awek jest jednak kiepski. Trzeba by\u0142oby je znowu naprawia\u0107, wymienia\u0107 cz\u0119\u015bci do kl\u0119czenia. Wzmacnia\u0107 sam\u0105 konstrukcj\u0119. Na nowo utwardza\u0107 lakierami i malowa\u0107. A mo\u017ce p\u00f3j\u015b\u0107 na maksa? Fajnie by\u0142oby mie\u0107 d\u0119bowe czy jesionowe, nowe \u0142awki<\/p>\n","protected":false},"excerpt":{"rendered":"<p>CZAS NA NOWE \u0141AWKI? Szkoda ich. S\u0105 wygodne. Jest ich du\u017co. Przyzwyczaili\u015bmy si\u0119 do nich. Stan naszych&#8230;<\/p>\n","protected":false},"author":2,"featured_media":14048,"comment_status":"open","ping_status":"open","sticky":false,"template":"","format":"standard","meta":{"_tbt_post_transparent":"","_tbt_post_title":"","_tbt_post_layout":"","_tbt_post_sidebar_id":"","_tbt_post_content_style":"","_tbt_post_vertical_padding":"","_tbt_post_feature":"","_tbt_post_feature_position":"","_tbt_post_header":false,"_tbt_post_footer":false},"categories":[34],"tags":[],"class_list":["post-14047","post","type-post","status-publish","format-standard","has-post-thumbnail","hentry","category-aktualnosci"],"_links":{"self":[{"href":"https:\/\/swietyjerzy.elblag.pl\/index.php\/wp-json\/wp\/v2\/posts\/14047","targetHints":{"allow":["GET"]}}],"collection":[{"href":"https:\/\/swietyjerzy.elblag.pl\/index.php\/wp-json\/wp\/v2\/posts"}],"about":[{"href":"https:\/\/swietyjerzy.elblag.pl\/index.php\/wp-json\/wp\/v2\/types\/post"}],"author":[{"embeddable":true,"href":"https:\/\/swietyjerzy.elblag.pl\/index.php\/wp-json\/wp\/v2\/users\/2"}],"replies":[{"embeddable":true,"href":"https:\/\/swietyjerzy.elblag.pl\/index.php\/wp-json\/wp\/v2\/comments?post=14047"}],"version-history":[{"count":1,"href":"https:\/\/swietyjerzy.elblag.pl\/index.php\/wp-json\/wp\/v2\/posts\/14047\/revisions"}],"predecessor-version":[{"id":14049,"href":"https:\/\/swietyjerzy.elblag.pl\/index.php\/wp-json\/wp\/v2\/posts\/14047\/revisions\/14049"}],"wp:featuredmedia":[{"embeddable":true,"href":"https:\/\/swietyjerzy.elblag.pl\/index.php\/wp-json\/wp\/v2\/media\/14048"}],"wp:attachment":[{"href":"https:\/\/swietyjerzy.elblag.pl\/index.php\/wp-json\/wp\/v2\/media?parent=14047"}],"wp:term":[{"taxonomy":"category","embeddable":true,"href":"https:\/\/swietyjerzy.elblag.pl\/index.php\/wp-json\/wp\/v2\/categories?post=14047"},{"taxonomy":"post_tag","embeddable":true,"href":"https:\/\/swietyjerzy.elblag.pl\/index.php\/wp-json\/wp\/v2\/tags?post=14047"}],"curies":[{"name":"wp","href":"https:\/\/api.w.org\/{rel}","templated":true}]}}