{"id":14041,"date":"2024-02-24T10:06:41","date_gmt":"2024-02-24T10:06:41","guid":{"rendered":"https:\/\/swietyjerzy.elblag.pl\/?p=14041"},"modified":"2024-02-24T10:06:42","modified_gmt":"2024-02-24T10:06:42","slug":"14041","status":"publish","type":"post","link":"https:\/\/swietyjerzy.elblag.pl\/index.php\/2024\/02\/24\/14041\/","title":{"rendered":""},"content":{"rendered":"\n<p>Siostra \u201ePogotowie Ratunkowe\u201d<\/p>\n\n\n\n<p>AK: Tytu\u0142 wywiadu wyja\u015bnimy na ko\u0144cu. Dobrze?<\/p>\n\n\n\n<p>s. Dorotea: Tak, oczywi\u015bcie.<\/p>\n\n\n\n<p>AK: Jutro ko\u0144czy siostra 90 lat i?<\/p>\n\n\n\n<p>s.D: Nie chce mi si\u0119 wierzy\u0107, \u017ce mam a\u017c tyle lat. Urodzi\u0142am si\u0119 w 1934 roku w parafii R\u00f3\u017can, 100 km od Warszawy.<\/p>\n\n\n\n<p>AK: Mia\u0142a siostra 17 lat, gdy wst\u0119powa\u0142a do zakonu?<\/p>\n\n\n\n<p>s.D: Tak. By\u0142o to w 1951 roku. Zaczyna\u0142o nas 16 dziewcz\u0105t.<\/p>\n\n\n\n<p>AK: W Elbl\u0105gu by\u0142a siostra zakrystiank\u0105, ale nie zawsze tak by\u0142o?<\/p>\n\n\n\n<p>s.D: D\u0142ugi czas pracowa\u0142am w Ostr\u00f3wku. By\u0142 tam zak\u0142ad opieku\u0144czy dla dziewcz\u0105t w r\u00f3\u017cnym wieku. Pi\u0119kny czas i pi\u0119kna praca.<\/p>\n\n\n\n<p>AK: A trudno\u015bci?<\/p>\n\n\n\n<p>s.D: Denerwowa\u0142 brak stabilizacji. W\u0142adze ca\u0142y czas utrudnia\u0142y nam prac\u0119. Najpierw zlikwidowano szko\u0142\u0119, potem musia\u0142y\u015bmy opiekowa\u0107 si\u0119 ma\u0142ymi dzie\u0107mi, by znowu wzi\u0105\u0107 pod swoje skrzyd\u0142a osoby niepe\u0142nosprawne. Te zmiany by\u0142y niespodziewane i chyba celowo z\u0142o\u015bliwe. Do dzi\u015b pami\u0119tam jak szy\u0142am z du\u017cych po\u015bcieli i prze\u015bcierade\u0142 &#8211; nowe pos\u0142ania, tym razem dla maluch\u00f3w.<\/p>\n\n\n\n<p>AK: Z zawodu jest siostra krawcow\u0105? To dlatego trafi\u0142a siostra do Elbl\u0105ga?<\/p>\n\n\n\n<p>s.D: By\u0142o to w 1982 roku. Jako zakrystianka. Na jeden rok. By\u0142o to jeszcze w ko\u015bci\u00f3\u0142ku \u015bw. Jerzego. Nas, si\u00f3str by\u0142o chyba 12. Mia\u0142y\u015bmy zarezerwowane 3 \u0142awki, po lewej stronie od o\u0142tarza.<\/p>\n\n\n\n<p>AK: I z tego jednego roku zrobi\u0142y si\u0119 42 lata? G\u0142ownie jako ko\u015bcielna?<\/p>\n\n\n\n<p>s.D: Tu nie chodzi tylko o obrusy, alby, kom\u017ce, korpora\u0142y, o czysto\u015b\u0107 w ko\u015bciele. Dzie\u0144, w dzie\u0144 chodzi\u0142o si\u0119 ko\u0142o Pana Jezusa i dba\u0142o si\u0119 o Niego. Dodatkowo to ja mia\u0142am klucze od ko\u015bcio\u0142a. Ksi\u0119\u017ca proboszczowie obdarzali mnie ogromnym zaufaniem. Bardzo mi\u0142o wspominam ca\u0142a rzesze ministrant\u00f3w i lektor\u00f3w.<\/p>\n\n\n\n<p>AK: Czego siostrze \u017cyczy\u0107?<\/p>\n\n\n\n<p>s.D: \u0141aski Bo\u017cej i zdrowia. Na jedno oko nie widz\u0119 wcale. Drugie jest s\u0142abiutkie. \u017bebym by\u0142a samodzielna i nie sprawia\u0142a k\u0142opotu innym.<\/p>\n\n\n\n<p>AK: A co z tym \u201ePogotowiem Ratunkowym\u201d?<\/p>\n\n\n\n<p>s.D: To by\u0142o ju\u017c w Ostr\u00f3wku. Po prostu tam, gdzie trzeba by\u0142o co\u015b ratowa\u0107, pomaga\u0107, naprawia\u0107 \u2013 zawsze tam ch\u0119tnie sz\u0142am i jak umia\u0142am &#8211; pomaga\u0142am. Takie praktyczne pogotowie ratunkowe. &nbsp;&nbsp;&nbsp;<\/p>\n","protected":false},"excerpt":{"rendered":"<p>Siostra \u201ePogotowie Ratunkowe\u201d AK: Tytu\u0142 wywiadu wyja\u015bnimy na ko\u0144cu. Dobrze? s. Dorotea: Tak, oczywi\u015bcie. AK: Jutro ko\u0144czy&#8230;<\/p>\n","protected":false},"author":2,"featured_media":14042,"comment_status":"open","ping_status":"open","sticky":false,"template":"","format":"standard","meta":{"_tbt_post_transparent":"","_tbt_post_title":"","_tbt_post_layout":"","_tbt_post_sidebar_id":"","_tbt_post_content_style":"","_tbt_post_vertical_padding":"","_tbt_post_feature":"","_tbt_post_feature_position":"","_tbt_post_header":false,"_tbt_post_footer":false},"categories":[34],"tags":[],"class_list":["post-14041","post","type-post","status-publish","format-standard","has-post-thumbnail","hentry","category-aktualnosci"],"_links":{"self":[{"href":"https:\/\/swietyjerzy.elblag.pl\/index.php\/wp-json\/wp\/v2\/posts\/14041","targetHints":{"allow":["GET"]}}],"collection":[{"href":"https:\/\/swietyjerzy.elblag.pl\/index.php\/wp-json\/wp\/v2\/posts"}],"about":[{"href":"https:\/\/swietyjerzy.elblag.pl\/index.php\/wp-json\/wp\/v2\/types\/post"}],"author":[{"embeddable":true,"href":"https:\/\/swietyjerzy.elblag.pl\/index.php\/wp-json\/wp\/v2\/users\/2"}],"replies":[{"embeddable":true,"href":"https:\/\/swietyjerzy.elblag.pl\/index.php\/wp-json\/wp\/v2\/comments?post=14041"}],"version-history":[{"count":1,"href":"https:\/\/swietyjerzy.elblag.pl\/index.php\/wp-json\/wp\/v2\/posts\/14041\/revisions"}],"predecessor-version":[{"id":14043,"href":"https:\/\/swietyjerzy.elblag.pl\/index.php\/wp-json\/wp\/v2\/posts\/14041\/revisions\/14043"}],"wp:featuredmedia":[{"embeddable":true,"href":"https:\/\/swietyjerzy.elblag.pl\/index.php\/wp-json\/wp\/v2\/media\/14042"}],"wp:attachment":[{"href":"https:\/\/swietyjerzy.elblag.pl\/index.php\/wp-json\/wp\/v2\/media?parent=14041"}],"wp:term":[{"taxonomy":"category","embeddable":true,"href":"https:\/\/swietyjerzy.elblag.pl\/index.php\/wp-json\/wp\/v2\/categories?post=14041"},{"taxonomy":"post_tag","embeddable":true,"href":"https:\/\/swietyjerzy.elblag.pl\/index.php\/wp-json\/wp\/v2\/tags?post=14041"}],"curies":[{"name":"wp","href":"https:\/\/api.w.org\/{rel}","templated":true}]}}