{"id":14038,"date":"2024-02-23T06:44:55","date_gmt":"2024-02-23T06:44:55","guid":{"rendered":"https:\/\/swietyjerzy.elblag.pl\/?p=14038"},"modified":"2024-02-23T06:44:57","modified_gmt":"2024-02-23T06:44:57","slug":"14038","status":"publish","type":"post","link":"https:\/\/swietyjerzy.elblag.pl\/index.php\/2024\/02\/23\/14038\/","title":{"rendered":""},"content":{"rendered":"\n<p>181<\/p>\n\n\n\n<p>O tyle zmniejszy\u0142a si\u0119 nasza parafia. Wed\u0142ug Urz\u0119du Skarbowego. Obecnie mieszka\/jest zameldowanych (na terenie parafii) 11.079 os\u00f3b. Od takiej ilo\u015bci ksi\u0119\u017ca p\u0142ac\u0105 zrycza\u0142towany podatek. Ile os\u00f3b faktycznie tu mieszka? Nie wiadomo. Na pewno znacznie mniej!<\/p>\n","protected":false},"excerpt":{"rendered":"<p>181 O tyle zmniejszy\u0142a si\u0119 nasza parafia. Wed\u0142ug Urz\u0119du Skarbowego. Obecnie mieszka\/jest zameldowanych (na terenie parafii) 11.079&#8230;<\/p>\n","protected":false},"author":2,"featured_media":14039,"comment_status":"open","ping_status":"open","sticky":false,"template":"","format":"standard","meta":{"_tbt_post_transparent":"","_tbt_post_title":"","_tbt_post_layout":"","_tbt_post_sidebar_id":"","_tbt_post_content_style":"","_tbt_post_vertical_padding":"","_tbt_post_feature":"","_tbt_post_feature_position":"","_tbt_post_header":false,"_tbt_post_footer":false},"categories":[1],"tags":[],"class_list":["post-14038","post","type-post","status-publish","format-standard","has-post-thumbnail","hentry","category-bez-kategorii"],"_links":{"self":[{"href":"https:\/\/swietyjerzy.elblag.pl\/index.php\/wp-json\/wp\/v2\/posts\/14038","targetHints":{"allow":["GET"]}}],"collection":[{"href":"https:\/\/swietyjerzy.elblag.pl\/index.php\/wp-json\/wp\/v2\/posts"}],"about":[{"href":"https:\/\/swietyjerzy.elblag.pl\/index.php\/wp-json\/wp\/v2\/types\/post"}],"author":[{"embeddable":true,"href":"https:\/\/swietyjerzy.elblag.pl\/index.php\/wp-json\/wp\/v2\/users\/2"}],"replies":[{"embeddable":true,"href":"https:\/\/swietyjerzy.elblag.pl\/index.php\/wp-json\/wp\/v2\/comments?post=14038"}],"version-history":[{"count":1,"href":"https:\/\/swietyjerzy.elblag.pl\/index.php\/wp-json\/wp\/v2\/posts\/14038\/revisions"}],"predecessor-version":[{"id":14040,"href":"https:\/\/swietyjerzy.elblag.pl\/index.php\/wp-json\/wp\/v2\/posts\/14038\/revisions\/14040"}],"wp:featuredmedia":[{"embeddable":true,"href":"https:\/\/swietyjerzy.elblag.pl\/index.php\/wp-json\/wp\/v2\/media\/14039"}],"wp:attachment":[{"href":"https:\/\/swietyjerzy.elblag.pl\/index.php\/wp-json\/wp\/v2\/media?parent=14038"}],"wp:term":[{"taxonomy":"category","embeddable":true,"href":"https:\/\/swietyjerzy.elblag.pl\/index.php\/wp-json\/wp\/v2\/categories?post=14038"},{"taxonomy":"post_tag","embeddable":true,"href":"https:\/\/swietyjerzy.elblag.pl\/index.php\/wp-json\/wp\/v2\/tags?post=14038"}],"curies":[{"name":"wp","href":"https:\/\/api.w.org\/{rel}","templated":true}]}}