{"id":14030,"date":"2024-02-17T08:32:58","date_gmt":"2024-02-17T08:32:58","guid":{"rendered":"https:\/\/swietyjerzy.elblag.pl\/?p=14030"},"modified":"2024-02-17T08:32:59","modified_gmt":"2024-02-17T08:32:59","slug":"14030","status":"publish","type":"post","link":"https:\/\/swietyjerzy.elblag.pl\/index.php\/2024\/02\/17\/14030\/","title":{"rendered":""},"content":{"rendered":"\n<p>REKOLEKCJE \u2013 JU\u017b PO<\/p>\n\n\n\n<p>Zacz\u0119li\u015bmy od dawki uderzeniowej. \u015aroda Popielcowa by\u0142a pierwszym dniem naszych rekolekcji. W czwartek i w pi\u0105tek by\u0142o nas ju\u017c troch\u0119 mniej. Czy mo\u017cna jednak konkurowa\u0107 z Popielcem? Sam pomys\u0142 na taki termin rekolekcji? Chyba dobry. Dzi\u0119kujemy!<\/p>\n","protected":false},"excerpt":{"rendered":"<p>REKOLEKCJE \u2013 JU\u017b PO Zacz\u0119li\u015bmy od dawki uderzeniowej. \u015aroda Popielcowa by\u0142a pierwszym dniem naszych rekolekcji. W czwartek&#8230;<\/p>\n","protected":false},"author":2,"featured_media":14031,"comment_status":"open","ping_status":"open","sticky":false,"template":"","format":"standard","meta":{"_tbt_post_transparent":"","_tbt_post_title":"","_tbt_post_layout":"","_tbt_post_sidebar_id":"","_tbt_post_content_style":"","_tbt_post_vertical_padding":"","_tbt_post_feature":"","_tbt_post_feature_position":"","_tbt_post_header":false,"_tbt_post_footer":false},"categories":[34],"tags":[],"class_list":["post-14030","post","type-post","status-publish","format-standard","has-post-thumbnail","hentry","category-aktualnosci"],"_links":{"self":[{"href":"https:\/\/swietyjerzy.elblag.pl\/index.php\/wp-json\/wp\/v2\/posts\/14030","targetHints":{"allow":["GET"]}}],"collection":[{"href":"https:\/\/swietyjerzy.elblag.pl\/index.php\/wp-json\/wp\/v2\/posts"}],"about":[{"href":"https:\/\/swietyjerzy.elblag.pl\/index.php\/wp-json\/wp\/v2\/types\/post"}],"author":[{"embeddable":true,"href":"https:\/\/swietyjerzy.elblag.pl\/index.php\/wp-json\/wp\/v2\/users\/2"}],"replies":[{"embeddable":true,"href":"https:\/\/swietyjerzy.elblag.pl\/index.php\/wp-json\/wp\/v2\/comments?post=14030"}],"version-history":[{"count":1,"href":"https:\/\/swietyjerzy.elblag.pl\/index.php\/wp-json\/wp\/v2\/posts\/14030\/revisions"}],"predecessor-version":[{"id":14032,"href":"https:\/\/swietyjerzy.elblag.pl\/index.php\/wp-json\/wp\/v2\/posts\/14030\/revisions\/14032"}],"wp:featuredmedia":[{"embeddable":true,"href":"https:\/\/swietyjerzy.elblag.pl\/index.php\/wp-json\/wp\/v2\/media\/14031"}],"wp:attachment":[{"href":"https:\/\/swietyjerzy.elblag.pl\/index.php\/wp-json\/wp\/v2\/media?parent=14030"}],"wp:term":[{"taxonomy":"category","embeddable":true,"href":"https:\/\/swietyjerzy.elblag.pl\/index.php\/wp-json\/wp\/v2\/categories?post=14030"},{"taxonomy":"post_tag","embeddable":true,"href":"https:\/\/swietyjerzy.elblag.pl\/index.php\/wp-json\/wp\/v2\/tags?post=14030"}],"curies":[{"name":"wp","href":"https:\/\/api.w.org\/{rel}","templated":true}]}}