{"id":14024,"date":"2024-02-15T06:12:40","date_gmt":"2024-02-15T06:12:40","guid":{"rendered":"https:\/\/swietyjerzy.elblag.pl\/?p=14024"},"modified":"2024-02-15T06:12:40","modified_gmt":"2024-02-15T06:12:40","slug":"14024","status":"publish","type":"post","link":"https:\/\/swietyjerzy.elblag.pl\/index.php\/2024\/02\/15\/14024\/","title":{"rendered":""},"content":{"rendered":"\n<p>\u015aWI\u0118TE INSPIRACJE<\/p>\n\n\n\n<p>Jak zawsze I Niedziel\u0119 Wielkiego Postu zaczniemy z procesj\u0105, ko\u0142atkami i litani\u0105 do Wszystkich \u015awi\u0119tych. Potem b\u0119d\u0105 \u201e\u015bwi\u0119te inspiracje \u015awi\u0119tych\u201d. Do wylosowania przygotowali\u015bmy 14. \u015awi\u0119tych. Umieszczeni s\u0105 na obrazkach w kszta\u0142cie zak\u0142adki do ksi\u0105\u017cki. Z drugiej strony s\u0105 wynikaj\u0105ce z ich \u017cycia cele do realizacji: \u015bw. Katarzyna ze Sieny \u2013 wytrwa\u0142o\u015b\u0107 i up\u00f3r; \u015bw. Bart\u0142omiej \u2013 or\u0119downik w k\u0142\u00f3tni i sporze, itd. Ciekawe kogo wylosujemy?<\/p>\n","protected":false},"excerpt":{"rendered":"<p>\u015aWI\u0118TE INSPIRACJE Jak zawsze I Niedziel\u0119 Wielkiego Postu zaczniemy z procesj\u0105, ko\u0142atkami i litani\u0105 do Wszystkich \u015awi\u0119tych&#8230;.<\/p>\n","protected":false},"author":2,"featured_media":14025,"comment_status":"open","ping_status":"open","sticky":false,"template":"","format":"standard","meta":{"_tbt_post_transparent":"","_tbt_post_title":"","_tbt_post_layout":"","_tbt_post_sidebar_id":"","_tbt_post_content_style":"","_tbt_post_vertical_padding":"","_tbt_post_feature":"","_tbt_post_feature_position":"","_tbt_post_header":false,"_tbt_post_footer":false},"categories":[34],"tags":[],"class_list":["post-14024","post","type-post","status-publish","format-standard","has-post-thumbnail","hentry","category-aktualnosci"],"_links":{"self":[{"href":"https:\/\/swietyjerzy.elblag.pl\/index.php\/wp-json\/wp\/v2\/posts\/14024","targetHints":{"allow":["GET"]}}],"collection":[{"href":"https:\/\/swietyjerzy.elblag.pl\/index.php\/wp-json\/wp\/v2\/posts"}],"about":[{"href":"https:\/\/swietyjerzy.elblag.pl\/index.php\/wp-json\/wp\/v2\/types\/post"}],"author":[{"embeddable":true,"href":"https:\/\/swietyjerzy.elblag.pl\/index.php\/wp-json\/wp\/v2\/users\/2"}],"replies":[{"embeddable":true,"href":"https:\/\/swietyjerzy.elblag.pl\/index.php\/wp-json\/wp\/v2\/comments?post=14024"}],"version-history":[{"count":1,"href":"https:\/\/swietyjerzy.elblag.pl\/index.php\/wp-json\/wp\/v2\/posts\/14024\/revisions"}],"predecessor-version":[{"id":14026,"href":"https:\/\/swietyjerzy.elblag.pl\/index.php\/wp-json\/wp\/v2\/posts\/14024\/revisions\/14026"}],"wp:featuredmedia":[{"embeddable":true,"href":"https:\/\/swietyjerzy.elblag.pl\/index.php\/wp-json\/wp\/v2\/media\/14025"}],"wp:attachment":[{"href":"https:\/\/swietyjerzy.elblag.pl\/index.php\/wp-json\/wp\/v2\/media?parent=14024"}],"wp:term":[{"taxonomy":"category","embeddable":true,"href":"https:\/\/swietyjerzy.elblag.pl\/index.php\/wp-json\/wp\/v2\/categories?post=14024"},{"taxonomy":"post_tag","embeddable":true,"href":"https:\/\/swietyjerzy.elblag.pl\/index.php\/wp-json\/wp\/v2\/tags?post=14024"}],"curies":[{"name":"wp","href":"https:\/\/api.w.org\/{rel}","templated":true}]}}