{"id":14017,"date":"2024-02-07T15:52:13","date_gmt":"2024-02-07T15:52:13","guid":{"rendered":"https:\/\/swietyjerzy.elblag.pl\/?p=14017"},"modified":"2024-02-07T15:52:13","modified_gmt":"2024-02-07T15:52:13","slug":"14017","status":"publish","type":"post","link":"https:\/\/swietyjerzy.elblag.pl\/index.php\/2024\/02\/07\/14017\/","title":{"rendered":""},"content":{"rendered":"\n<p>HEROIZM<\/p>\n\n\n\n<p>Ju\u017c wkr\u00f3tce zawi\u015bnie nowy baner na ko\u015bciele. Skupia\u0107 b\u0119dzie uwag\u0119 na cnocie heroizmu. Postawa rodziny Ulm\u00f3w jest jej ekstremalnym przyk\u0142adem. Trzeba mie\u0107 szalon\u0105 odwag\u0119 by ratowa\u0107 ludzi w p\u0142on\u0105cym domu. Po\u015bwi\u0119ci\u0107 \u017cycie za ojczyzn\u0119. Odda\u0107 nerk\u0119 komu\u015b choremu z rodziny. Jak si\u0119 ma heroizm w praktyce codziennych, zwyk\u0142ych sytuacji naszego \u017cycia? Czy to s\u0142owo jeszcze funkcjonuje?&nbsp;<\/p>\n","protected":false},"excerpt":{"rendered":"<p>HEROIZM Ju\u017c wkr\u00f3tce zawi\u015bnie nowy baner na ko\u015bciele. Skupia\u0107 b\u0119dzie uwag\u0119 na cnocie heroizmu. Postawa rodziny Ulm\u00f3w&#8230;<\/p>\n","protected":false},"author":2,"featured_media":14018,"comment_status":"open","ping_status":"open","sticky":false,"template":"","format":"standard","meta":{"_tbt_post_transparent":"","_tbt_post_title":"","_tbt_post_layout":"","_tbt_post_sidebar_id":"","_tbt_post_content_style":"","_tbt_post_vertical_padding":"","_tbt_post_feature":"","_tbt_post_feature_position":"","_tbt_post_header":false,"_tbt_post_footer":false},"categories":[34],"tags":[],"class_list":["post-14017","post","type-post","status-publish","format-standard","has-post-thumbnail","hentry","category-aktualnosci"],"_links":{"self":[{"href":"https:\/\/swietyjerzy.elblag.pl\/index.php\/wp-json\/wp\/v2\/posts\/14017","targetHints":{"allow":["GET"]}}],"collection":[{"href":"https:\/\/swietyjerzy.elblag.pl\/index.php\/wp-json\/wp\/v2\/posts"}],"about":[{"href":"https:\/\/swietyjerzy.elblag.pl\/index.php\/wp-json\/wp\/v2\/types\/post"}],"author":[{"embeddable":true,"href":"https:\/\/swietyjerzy.elblag.pl\/index.php\/wp-json\/wp\/v2\/users\/2"}],"replies":[{"embeddable":true,"href":"https:\/\/swietyjerzy.elblag.pl\/index.php\/wp-json\/wp\/v2\/comments?post=14017"}],"version-history":[{"count":1,"href":"https:\/\/swietyjerzy.elblag.pl\/index.php\/wp-json\/wp\/v2\/posts\/14017\/revisions"}],"predecessor-version":[{"id":14019,"href":"https:\/\/swietyjerzy.elblag.pl\/index.php\/wp-json\/wp\/v2\/posts\/14017\/revisions\/14019"}],"wp:featuredmedia":[{"embeddable":true,"href":"https:\/\/swietyjerzy.elblag.pl\/index.php\/wp-json\/wp\/v2\/media\/14018"}],"wp:attachment":[{"href":"https:\/\/swietyjerzy.elblag.pl\/index.php\/wp-json\/wp\/v2\/media?parent=14017"}],"wp:term":[{"taxonomy":"category","embeddable":true,"href":"https:\/\/swietyjerzy.elblag.pl\/index.php\/wp-json\/wp\/v2\/categories?post=14017"},{"taxonomy":"post_tag","embeddable":true,"href":"https:\/\/swietyjerzy.elblag.pl\/index.php\/wp-json\/wp\/v2\/tags?post=14017"}],"curies":[{"name":"wp","href":"https:\/\/api.w.org\/{rel}","templated":true}]}}