{"id":13995,"date":"2024-01-11T14:11:19","date_gmt":"2024-01-11T14:11:19","guid":{"rendered":"https:\/\/swietyjerzy.elblag.pl\/?p=13995"},"modified":"2024-01-11T14:11:20","modified_gmt":"2024-01-11T14:11:20","slug":"13995","status":"publish","type":"post","link":"https:\/\/swietyjerzy.elblag.pl\/index.php\/2024\/01\/11\/13995\/","title":{"rendered":""},"content":{"rendered":"\n<p>PLEBANIA DOBOROWEGO TOWARZYSTWA<\/p>\n\n\n\n<p>Z jednej strony siostry Franciszkanki Rodziny Maryi, a z drugiej Klaryski od Wieczystej Adoracji \u2013 w \u015brodku za\u015b plebania \u015bw. Jerzego. Pi\u0119kne towarzystwo! 20 si\u00f3str klauzurowych omadlaj\u0105cych\u00a0 tak\u017ce nasz\u0105 parafi\u0119 i 5 si\u00f3str z personelem opiekuj\u0105cych si\u0119 47 kobietami w DPS-ie. Dzi\u0119kujemy!<\/p>\n","protected":false},"excerpt":{"rendered":"<p>PLEBANIA DOBOROWEGO TOWARZYSTWA Z jednej strony siostry Franciszkanki Rodziny Maryi, a z drugiej Klaryski od Wieczystej Adoracji&#8230;<\/p>\n","protected":false},"author":2,"featured_media":13996,"comment_status":"open","ping_status":"open","sticky":false,"template":"","format":"standard","meta":{"_tbt_post_transparent":"","_tbt_post_title":"","_tbt_post_layout":"","_tbt_post_sidebar_id":"","_tbt_post_content_style":"","_tbt_post_vertical_padding":"","_tbt_post_feature":"","_tbt_post_feature_position":"","_tbt_post_header":false,"_tbt_post_footer":false},"categories":[34],"tags":[],"class_list":["post-13995","post","type-post","status-publish","format-standard","has-post-thumbnail","hentry","category-aktualnosci"],"_links":{"self":[{"href":"https:\/\/swietyjerzy.elblag.pl\/index.php\/wp-json\/wp\/v2\/posts\/13995","targetHints":{"allow":["GET"]}}],"collection":[{"href":"https:\/\/swietyjerzy.elblag.pl\/index.php\/wp-json\/wp\/v2\/posts"}],"about":[{"href":"https:\/\/swietyjerzy.elblag.pl\/index.php\/wp-json\/wp\/v2\/types\/post"}],"author":[{"embeddable":true,"href":"https:\/\/swietyjerzy.elblag.pl\/index.php\/wp-json\/wp\/v2\/users\/2"}],"replies":[{"embeddable":true,"href":"https:\/\/swietyjerzy.elblag.pl\/index.php\/wp-json\/wp\/v2\/comments?post=13995"}],"version-history":[{"count":1,"href":"https:\/\/swietyjerzy.elblag.pl\/index.php\/wp-json\/wp\/v2\/posts\/13995\/revisions"}],"predecessor-version":[{"id":13997,"href":"https:\/\/swietyjerzy.elblag.pl\/index.php\/wp-json\/wp\/v2\/posts\/13995\/revisions\/13997"}],"wp:featuredmedia":[{"embeddable":true,"href":"https:\/\/swietyjerzy.elblag.pl\/index.php\/wp-json\/wp\/v2\/media\/13996"}],"wp:attachment":[{"href":"https:\/\/swietyjerzy.elblag.pl\/index.php\/wp-json\/wp\/v2\/media?parent=13995"}],"wp:term":[{"taxonomy":"category","embeddable":true,"href":"https:\/\/swietyjerzy.elblag.pl\/index.php\/wp-json\/wp\/v2\/categories?post=13995"},{"taxonomy":"post_tag","embeddable":true,"href":"https:\/\/swietyjerzy.elblag.pl\/index.php\/wp-json\/wp\/v2\/tags?post=13995"}],"curies":[{"name":"wp","href":"https:\/\/api.w.org\/{rel}","templated":true}]}}