{"id":13986,"date":"2024-01-03T13:29:19","date_gmt":"2024-01-03T13:29:19","guid":{"rendered":"https:\/\/swietyjerzy.elblag.pl\/?p=13986"},"modified":"2024-01-03T13:29:21","modified_gmt":"2024-01-03T13:29:21","slug":"odpust-na-3-kroli","status":"publish","type":"post","link":"https:\/\/swietyjerzy.elblag.pl\/index.php\/2024\/01\/03\/odpust-na-3-kroli\/","title":{"rendered":"ODPUST NA 3 KR\u00d3LI"},"content":{"rendered":"\n<p>6 stycznia, po ka\u017cdej mszy w Mi\u0142osierdziu Bo\u017cym, przejdziemy do ko\u015bci\u00f3\u0142ka \u015bw. Jerzego. Nawiedzimy \u017c\u0142\u00f3bek Pana Jezusa. Zostaniemy pokropienie wod\u0105 \u015bwi\u0119con\u0105. Odm\u00f3wimy specjaln\u0105 modlitw\u0119 i uzyskamy odpust zupe\u0142ny. Oczami wyobra\u017ani przeniesiemy si\u0119 do w\u0142oskiego Greccio, gdzie 800 lat temu \u015bw. Franciszek zbudowa\u0142 pierwsz\u0105 szopk\u0119. Do zobaczenia. \u00a0<\/p>\n","protected":false},"excerpt":{"rendered":"<p>6 stycznia, po ka\u017cdej mszy w Mi\u0142osierdziu Bo\u017cym, przejdziemy do ko\u015bci\u00f3\u0142ka \u015bw. Jerzego. Nawiedzimy \u017c\u0142\u00f3bek Pana Jezusa&#8230;.<\/p>\n","protected":false},"author":2,"featured_media":13987,"comment_status":"open","ping_status":"open","sticky":false,"template":"","format":"standard","meta":{"_tbt_post_transparent":"","_tbt_post_title":"","_tbt_post_layout":"","_tbt_post_sidebar_id":"","_tbt_post_content_style":"","_tbt_post_vertical_padding":"","_tbt_post_feature":"","_tbt_post_feature_position":"","_tbt_post_header":false,"_tbt_post_footer":false},"categories":[34],"tags":[],"class_list":["post-13986","post","type-post","status-publish","format-standard","has-post-thumbnail","hentry","category-aktualnosci"],"_links":{"self":[{"href":"https:\/\/swietyjerzy.elblag.pl\/index.php\/wp-json\/wp\/v2\/posts\/13986","targetHints":{"allow":["GET"]}}],"collection":[{"href":"https:\/\/swietyjerzy.elblag.pl\/index.php\/wp-json\/wp\/v2\/posts"}],"about":[{"href":"https:\/\/swietyjerzy.elblag.pl\/index.php\/wp-json\/wp\/v2\/types\/post"}],"author":[{"embeddable":true,"href":"https:\/\/swietyjerzy.elblag.pl\/index.php\/wp-json\/wp\/v2\/users\/2"}],"replies":[{"embeddable":true,"href":"https:\/\/swietyjerzy.elblag.pl\/index.php\/wp-json\/wp\/v2\/comments?post=13986"}],"version-history":[{"count":1,"href":"https:\/\/swietyjerzy.elblag.pl\/index.php\/wp-json\/wp\/v2\/posts\/13986\/revisions"}],"predecessor-version":[{"id":13988,"href":"https:\/\/swietyjerzy.elblag.pl\/index.php\/wp-json\/wp\/v2\/posts\/13986\/revisions\/13988"}],"wp:featuredmedia":[{"embeddable":true,"href":"https:\/\/swietyjerzy.elblag.pl\/index.php\/wp-json\/wp\/v2\/media\/13987"}],"wp:attachment":[{"href":"https:\/\/swietyjerzy.elblag.pl\/index.php\/wp-json\/wp\/v2\/media?parent=13986"}],"wp:term":[{"taxonomy":"category","embeddable":true,"href":"https:\/\/swietyjerzy.elblag.pl\/index.php\/wp-json\/wp\/v2\/categories?post=13986"},{"taxonomy":"post_tag","embeddable":true,"href":"https:\/\/swietyjerzy.elblag.pl\/index.php\/wp-json\/wp\/v2\/tags?post=13986"}],"curies":[{"name":"wp","href":"https:\/\/api.w.org\/{rel}","templated":true}]}}