{"id":13969,"date":"2023-12-26T10:13:34","date_gmt":"2023-12-26T10:13:34","guid":{"rendered":"https:\/\/swietyjerzy.elblag.pl\/?p=13969"},"modified":"2024-02-18T08:49:50","modified_gmt":"2024-02-18T08:49:50","slug":"ogloszenia-parafialne-narodzenie-panskie","status":"publish","type":"post","link":"https:\/\/swietyjerzy.elblag.pl\/index.php\/2023\/12\/26\/ogloszenia-parafialne-narodzenie-panskie\/","title":{"rendered":"OG\u0141OSZENIA PARAFIALNE: Narodzenie Pa\u0144skie"},"content":{"rendered":"\n<p><strong>&nbsp;I Niedziela Wielkiego Postu<\/strong><\/p>\n\n\n\n<p><strong>18 luty 2024<\/strong><\/p>\n\n\n\n<p><em>Nie daj si\u0119 zwyci\u0119\u017cy\u0107 z\u0142u, ale z\u0142o dobrem zwyci\u0119\u017caj!<\/em><\/p>\n\n\n\n<p>1. \u015arod\u0105 Popielcow\u0105 rozpocz\u0119li\u015bmy okres Wielkiego Postu. Rytm naszej wielkopostnej drogi wyznaczaj\u0105 niedziele, kt\u00f3rych jest sze\u015b\u0107. Zapraszamy tak\u017ce do udzia\u0142u w nabo\u017ce\u0144stwach wielkopostnych: w pi\u0105tki \u2013 Droga Krzy\u017cowa: dla dzieci o godz. 16.30, dla doros\u0142ych o godz. 17.30. Gorzkie \u017bale w niedziel\u0119 o godz. 16.30.<\/p>\n\n\n\n<p>2. W poniedzia\u0142ek nieszpory m\u0119\u017cczyzn o godz. 17.30, we wtorek o godz. 18.30 spotkanie modlitewne na plebanii, a w \u015brod\u0119 Nowenna do MBNP.<\/p>\n\n\n\n<p>3. Za nami rekolekcje wielkopostne. Zacz\u0119li\u015bmy od dawki uderzeniowej. \u015aroda Popielcowa by\u0142a pierwszym ich dniem. W czwartek i w pi\u0105tek by\u0142o nas ju\u017c troch\u0119 mniej. Czy mo\u017cna jednak konkurowa\u0107 z Popielcem? Sam pomys\u0142 na taki termin rekolekcji? Chyba dobry. Dzi\u0119kujemy!<\/p>\n\n\n\n<p>4. Za tydzie\u0144 obchodzimy Niedziel\u0119 <em>ad gentes<\/em> \u2013 dzie\u0144 modlitwy i solidarno\u015bci z misjonarzami.<\/p>\n\n\n\n<p>5. Do sakramentu ma\u0142\u017ce\u0144stwa przygotowuj\u0105 si\u0119 Piotr Kami\u0144ski i Monika Rynkowska z Elbl\u0105ga. Zapowied\u017a I.<\/p>\n\n\n\n<p>6. W minionym tygodniu odeszli z naszej parafii +Marek Iwaniak, +Eugenia Sty\u017cko, +Bronis\u0142aw Tkacz i +Henryka Rudzik. Wieczny odpoczynek racz im da\u0107 Panie\u2026.<\/p>\n","protected":false},"excerpt":{"rendered":"<p>&nbsp;I Niedziela Wielkiego Postu 18 luty 2024 Nie daj si\u0119 zwyci\u0119\u017cy\u0107 z\u0142u, ale z\u0142o dobrem zwyci\u0119\u017caj! 1&#8230;.<\/p>\n","protected":false},"author":2,"featured_media":0,"comment_status":"open","ping_status":"open","sticky":false,"template":"","format":"standard","meta":{"_tbt_post_transparent":"","_tbt_post_title":"","_tbt_post_layout":"","_tbt_post_sidebar_id":"","_tbt_post_content_style":"","_tbt_post_vertical_padding":"","_tbt_post_feature":"","_tbt_post_feature_position":"","_tbt_post_header":false,"_tbt_post_footer":false},"categories":[35],"tags":[],"class_list":["post-13969","post","type-post","status-publish","format-standard","hentry","category-biuletyn"],"_links":{"self":[{"href":"https:\/\/swietyjerzy.elblag.pl\/index.php\/wp-json\/wp\/v2\/posts\/13969","targetHints":{"allow":["GET"]}}],"collection":[{"href":"https:\/\/swietyjerzy.elblag.pl\/index.php\/wp-json\/wp\/v2\/posts"}],"about":[{"href":"https:\/\/swietyjerzy.elblag.pl\/index.php\/wp-json\/wp\/v2\/types\/post"}],"author":[{"embeddable":true,"href":"https:\/\/swietyjerzy.elblag.pl\/index.php\/wp-json\/wp\/v2\/users\/2"}],"replies":[{"embeddable":true,"href":"https:\/\/swietyjerzy.elblag.pl\/index.php\/wp-json\/wp\/v2\/comments?post=13969"}],"version-history":[{"count":3,"href":"https:\/\/swietyjerzy.elblag.pl\/index.php\/wp-json\/wp\/v2\/posts\/13969\/revisions"}],"predecessor-version":[{"id":14035,"href":"https:\/\/swietyjerzy.elblag.pl\/index.php\/wp-json\/wp\/v2\/posts\/13969\/revisions\/14035"}],"wp:attachment":[{"href":"https:\/\/swietyjerzy.elblag.pl\/index.php\/wp-json\/wp\/v2\/media?parent=13969"}],"wp:term":[{"taxonomy":"category","embeddable":true,"href":"https:\/\/swietyjerzy.elblag.pl\/index.php\/wp-json\/wp\/v2\/categories?post=13969"},{"taxonomy":"post_tag","embeddable":true,"href":"https:\/\/swietyjerzy.elblag.pl\/index.php\/wp-json\/wp\/v2\/tags?post=13969"}],"curies":[{"name":"wp","href":"https:\/\/api.w.org\/{rel}","templated":true}]}}