{"id":13964,"date":"2023-12-26T09:53:28","date_gmt":"2023-12-26T09:53:28","guid":{"rendered":"https:\/\/swietyjerzy.elblag.pl\/?p=13964"},"modified":"2023-12-26T09:53:29","modified_gmt":"2023-12-26T09:53:29","slug":"niewinne-zyczenia","status":"publish","type":"post","link":"https:\/\/swietyjerzy.elblag.pl\/index.php\/2023\/12\/26\/niewinne-zyczenia\/","title":{"rendered":"NIEWINNE \u017bYCZENIA"},"content":{"rendered":"\n<p>Kto by\u0142 w ko\u015bciele, zrozumie tytu\u0142owe \u017cyczenia. \u017byczymy Pa\u0144stwu zdrowych i weso\u0142ych \u015awi\u0105t Bo\u017cego Narodzenia. W bezbronnym, zdanym na nasz\u0105 opiek\u0119 Jezusie znajdujemy wezwanie do troski o nasz\u0105 bezgrzeszno\u015b\u0107 i niewinno\u015b\u0107. O zaufanie, \u017ce tylko dobro ostatecznie zwyci\u0119\u017ca. \u00a0<\/p>\n","protected":false},"excerpt":{"rendered":"<p>Kto by\u0142 w ko\u015bciele, zrozumie tytu\u0142owe \u017cyczenia. \u017byczymy Pa\u0144stwu zdrowych i weso\u0142ych \u015awi\u0105t Bo\u017cego Narodzenia. W bezbronnym,&#8230;<\/p>\n","protected":false},"author":2,"featured_media":13965,"comment_status":"open","ping_status":"open","sticky":false,"template":"","format":"standard","meta":{"_tbt_post_transparent":"","_tbt_post_title":"","_tbt_post_layout":"","_tbt_post_sidebar_id":"","_tbt_post_content_style":"","_tbt_post_vertical_padding":"","_tbt_post_feature":"","_tbt_post_feature_position":"","_tbt_post_header":false,"_tbt_post_footer":false},"categories":[34],"tags":[],"class_list":["post-13964","post","type-post","status-publish","format-standard","has-post-thumbnail","hentry","category-aktualnosci"],"_links":{"self":[{"href":"https:\/\/swietyjerzy.elblag.pl\/index.php\/wp-json\/wp\/v2\/posts\/13964","targetHints":{"allow":["GET"]}}],"collection":[{"href":"https:\/\/swietyjerzy.elblag.pl\/index.php\/wp-json\/wp\/v2\/posts"}],"about":[{"href":"https:\/\/swietyjerzy.elblag.pl\/index.php\/wp-json\/wp\/v2\/types\/post"}],"author":[{"embeddable":true,"href":"https:\/\/swietyjerzy.elblag.pl\/index.php\/wp-json\/wp\/v2\/users\/2"}],"replies":[{"embeddable":true,"href":"https:\/\/swietyjerzy.elblag.pl\/index.php\/wp-json\/wp\/v2\/comments?post=13964"}],"version-history":[{"count":1,"href":"https:\/\/swietyjerzy.elblag.pl\/index.php\/wp-json\/wp\/v2\/posts\/13964\/revisions"}],"predecessor-version":[{"id":13966,"href":"https:\/\/swietyjerzy.elblag.pl\/index.php\/wp-json\/wp\/v2\/posts\/13964\/revisions\/13966"}],"wp:featuredmedia":[{"embeddable":true,"href":"https:\/\/swietyjerzy.elblag.pl\/index.php\/wp-json\/wp\/v2\/media\/13965"}],"wp:attachment":[{"href":"https:\/\/swietyjerzy.elblag.pl\/index.php\/wp-json\/wp\/v2\/media?parent=13964"}],"wp:term":[{"taxonomy":"category","embeddable":true,"href":"https:\/\/swietyjerzy.elblag.pl\/index.php\/wp-json\/wp\/v2\/categories?post=13964"},{"taxonomy":"post_tag","embeddable":true,"href":"https:\/\/swietyjerzy.elblag.pl\/index.php\/wp-json\/wp\/v2\/tags?post=13964"}],"curies":[{"name":"wp","href":"https:\/\/api.w.org\/{rel}","templated":true}]}}