{"id":13795,"date":"2023-12-13T11:44:20","date_gmt":"2023-12-13T11:44:20","guid":{"rendered":"https:\/\/swietyjerzy.elblag.pl\/?p=13795"},"modified":"2023-12-13T11:47:02","modified_gmt":"2023-12-13T11:47:02","slug":"za-nami-pierwsze-dzieciece-roraty","status":"publish","type":"post","link":"https:\/\/swietyjerzy.elblag.pl\/index.php\/2023\/12\/13\/za-nami-pierwsze-dzieciece-roraty\/","title":{"rendered":"Za nami pierwsze dzieci\u0119ce Roraty"},"content":{"rendered":"\n<p>Ju\u017c po pierwszych dzieci\u0119cych roratach i warsztatach ozd\u00f3b choinkowych. Czu\u0107, \u017ce \u015bwi\u0119ta coraz bli\u017cej<span style=\"color: var(--global-palette3); font-family: Montserrat, var(--global-fallback-font); font-size: revert; letter-spacing: 0.2px;\">. Zapraszamy na roraty: codziennie o godz. 6.30 (sobota g. 7.00). <strong>Dzieci: we wtorki i czwartki o godz. 16.30<\/strong>. Do zobaczenia<\/span>.<\/p>\n\n\n\n<figure class=\"wp-block-gallery has-nested-images columns-default is-cropped wp-block-gallery-1 is-layout-flex wp-block-gallery-is-layout-flex\">\n<figure data-wp-context=\"{&quot;imageId&quot;:&quot;69f0fba8204f8&quot;}\" data-wp-interactive=\"core\/image\" data-wp-key=\"69f0fba8204f8\" class=\"wp-block-image alignfull size-large wp-lightbox-container\"><img fetchpriority=\"high\" decoding=\"async\" width=\"1024\" height=\"768\" data-wp-class--hide=\"state.isContentHidden\" data-wp-class--show=\"state.isContentVisible\" data-wp-init=\"callbacks.setButtonStyles\" data-wp-on--click=\"actions.showLightbox\" data-wp-on--load=\"callbacks.setButtonStyles\" data-wp-on-window--resize=\"callbacks.setButtonStyles\" data-id=\"13798\" src=\"https:\/\/swietyjerzy.elblag.pl\/wp-content\/uploads\/2023\/12\/1-3-1024x768.jpg\" alt=\"\" class=\"wp-image-13798\" srcset=\"https:\/\/swietyjerzy.elblag.pl\/wp-content\/uploads\/2023\/12\/1-3-1024x768.jpg 1024w, https:\/\/swietyjerzy.elblag.pl\/wp-content\/uploads\/2023\/12\/1-3-300x225.jpg 300w, https:\/\/swietyjerzy.elblag.pl\/wp-content\/uploads\/2023\/12\/1-3-768x576.jpg 768w, https:\/\/swietyjerzy.elblag.pl\/wp-content\/uploads\/2023\/12\/1-3-1536x1152.jpg 1536w, https:\/\/swietyjerzy.elblag.pl\/wp-content\/uploads\/2023\/12\/1-3.jpg 2048w\" sizes=\"(max-width: 1024px) 100vw, 1024px\" \/><button\n\t\t\tclass=\"lightbox-trigger\"\n\t\t\ttype=\"button\"\n\t\t\taria-haspopup=\"dialog\"\n\t\t\taria-label=\"Enlarge\"\n\t\t\tdata-wp-init=\"callbacks.initTriggerButton\"\n\t\t\tdata-wp-on--click=\"actions.showLightbox\"\n\t\t\tdata-wp-style--right=\"state.imageButtonRight\"\n\t\t\tdata-wp-style--top=\"state.imageButtonTop\"\n\t\t>\n\t\t\t<svg xmlns=\"http:\/\/www.w3.org\/2000\/svg\" width=\"12\" height=\"12\" fill=\"none\" viewBox=\"0 0 12 12\">\n\t\t\t\t<path fill=\"#fff\" d=\"M2 0a2 2 0 0 0-2 2v2h1.5V2a.5.5 0 0 1 .5-.5h2V0H2Zm2 10.5H2a.5.5 0 0 1-.5-.5V8H0v2a2 2 0 0 0 2 2h2v-1.5ZM8 12v-1.5h2a.5.5 0 0 0 .5-.5V8H12v2a2 2 0 0 1-2 2H8Zm2-12a2 2 0 0 1 2 2v2h-1.5V2a.5.5 0 0 0-.5-.5H8V0h2Z\" \/>\n\t\t\t<\/svg>\n\t\t<\/button><\/figure>\n\n\n\n<figure data-wp-context=\"{&quot;imageId&quot;:&quot;69f0fba820b86&quot;}\" data-wp-interactive=\"core\/image\" data-wp-key=\"69f0fba820b86\" class=\"wp-block-image size-large wp-lightbox-container\"><img decoding=\"async\" width=\"1024\" height=\"768\" data-wp-class--hide=\"state.isContentHidden\" data-wp-class--show=\"state.isContentVisible\" data-wp-init=\"callbacks.setButtonStyles\" data-wp-on--click=\"actions.showLightbox\" data-wp-on--load=\"callbacks.setButtonStyles\" data-wp-on-window--resize=\"callbacks.setButtonStyles\" data-id=\"13796\" src=\"https:\/\/swietyjerzy.elblag.pl\/wp-content\/uploads\/2023\/12\/2-3-1024x768.jpg\" alt=\"\" class=\"wp-image-13796\" srcset=\"https:\/\/swietyjerzy.elblag.pl\/wp-content\/uploads\/2023\/12\/2-3-1024x768.jpg 1024w, https:\/\/swietyjerzy.elblag.pl\/wp-content\/uploads\/2023\/12\/2-3-300x225.jpg 300w, https:\/\/swietyjerzy.elblag.pl\/wp-content\/uploads\/2023\/12\/2-3-768x576.jpg 768w, https:\/\/swietyjerzy.elblag.pl\/wp-content\/uploads\/2023\/12\/2-3-1536x1152.jpg 1536w, https:\/\/swietyjerzy.elblag.pl\/wp-content\/uploads\/2023\/12\/2-3.jpg 2048w\" sizes=\"(max-width: 1024px) 100vw, 1024px\" \/><button\n\t\t\tclass=\"lightbox-trigger\"\n\t\t\ttype=\"button\"\n\t\t\taria-haspopup=\"dialog\"\n\t\t\taria-label=\"Enlarge\"\n\t\t\tdata-wp-init=\"callbacks.initTriggerButton\"\n\t\t\tdata-wp-on--click=\"actions.showLightbox\"\n\t\t\tdata-wp-style--right=\"state.imageButtonRight\"\n\t\t\tdata-wp-style--top=\"state.imageButtonTop\"\n\t\t>\n\t\t\t<svg xmlns=\"http:\/\/www.w3.org\/2000\/svg\" width=\"12\" height=\"12\" fill=\"none\" viewBox=\"0 0 12 12\">\n\t\t\t\t<path fill=\"#fff\" d=\"M2 0a2 2 0 0 0-2 2v2h1.5V2a.5.5 0 0 1 .5-.5h2V0H2Zm2 10.5H2a.5.5 0 0 1-.5-.5V8H0v2a2 2 0 0 0 2 2h2v-1.5ZM8 12v-1.5h2a.5.5 0 0 0 .5-.5V8H12v2a2 2 0 0 1-2 2H8Zm2-12a2 2 0 0 1 2 2v2h-1.5V2a.5.5 0 0 0-.5-.5H8V0h2Z\" \/>\n\t\t\t<\/svg>\n\t\t<\/button><\/figure>\n\n\n\n<figure data-wp-context=\"{&quot;imageId&quot;:&quot;69f0fba821158&quot;}\" data-wp-interactive=\"core\/image\" data-wp-key=\"69f0fba821158\" class=\"wp-block-image size-large wp-lightbox-container\"><img decoding=\"async\" width=\"768\" height=\"1024\" data-wp-class--hide=\"state.isContentHidden\" data-wp-class--show=\"state.isContentVisible\" data-wp-init=\"callbacks.setButtonStyles\" data-wp-on--click=\"actions.showLightbox\" data-wp-on--load=\"callbacks.setButtonStyles\" data-wp-on-window--resize=\"callbacks.setButtonStyles\" data-id=\"13797\" src=\"https:\/\/swietyjerzy.elblag.pl\/wp-content\/uploads\/2023\/12\/3-3-768x1024.jpg\" alt=\"\" class=\"wp-image-13797\" srcset=\"https:\/\/swietyjerzy.elblag.pl\/wp-content\/uploads\/2023\/12\/3-3-768x1024.jpg 768w, https:\/\/swietyjerzy.elblag.pl\/wp-content\/uploads\/2023\/12\/3-3-225x300.jpg 225w, https:\/\/swietyjerzy.elblag.pl\/wp-content\/uploads\/2023\/12\/3-3-1152x1536.jpg 1152w, https:\/\/swietyjerzy.elblag.pl\/wp-content\/uploads\/2023\/12\/3-3.jpg 1536w\" sizes=\"(max-width: 768px) 100vw, 768px\" \/><button\n\t\t\tclass=\"lightbox-trigger\"\n\t\t\ttype=\"button\"\n\t\t\taria-haspopup=\"dialog\"\n\t\t\taria-label=\"Enlarge\"\n\t\t\tdata-wp-init=\"callbacks.initTriggerButton\"\n\t\t\tdata-wp-on--click=\"actions.showLightbox\"\n\t\t\tdata-wp-style--right=\"state.imageButtonRight\"\n\t\t\tdata-wp-style--top=\"state.imageButtonTop\"\n\t\t>\n\t\t\t<svg xmlns=\"http:\/\/www.w3.org\/2000\/svg\" width=\"12\" height=\"12\" fill=\"none\" viewBox=\"0 0 12 12\">\n\t\t\t\t<path fill=\"#fff\" d=\"M2 0a2 2 0 0 0-2 2v2h1.5V2a.5.5 0 0 1 .5-.5h2V0H2Zm2 10.5H2a.5.5 0 0 1-.5-.5V8H0v2a2 2 0 0 0 2 2h2v-1.5ZM8 12v-1.5h2a.5.5 0 0 0 .5-.5V8H12v2a2 2 0 0 1-2 2H8Zm2-12a2 2 0 0 1 2 2v2h-1.5V2a.5.5 0 0 0-.5-.5H8V0h2Z\" \/>\n\t\t\t<\/svg>\n\t\t<\/button><\/figure>\n<\/figure>\n","protected":false},"excerpt":{"rendered":"<p>Ju\u017c po pierwszych dzieci\u0119cych roratach i warsztatach ozd\u00f3b choinkowych. Czu\u0107, \u017ce \u015bwi\u0119ta coraz bli\u017cej. Zapraszamy na roraty:&#8230;<\/p>\n","protected":false},"author":1,"featured_media":13798,"comment_status":"open","ping_status":"open","sticky":false,"template":"","format":"standard","meta":{"_tbt_post_transparent":"","_tbt_post_title":"","_tbt_post_layout":"","_tbt_post_sidebar_id":"","_tbt_post_content_style":"","_tbt_post_vertical_padding":"","_tbt_post_feature":"","_tbt_post_feature_position":"","_tbt_post_header":false,"_tbt_post_footer":false},"categories":[34],"tags":[],"class_list":["post-13795","post","type-post","status-publish","format-standard","has-post-thumbnail","hentry","category-aktualnosci"],"_links":{"self":[{"href":"https:\/\/swietyjerzy.elblag.pl\/index.php\/wp-json\/wp\/v2\/posts\/13795","targetHints":{"allow":["GET"]}}],"collection":[{"href":"https:\/\/swietyjerzy.elblag.pl\/index.php\/wp-json\/wp\/v2\/posts"}],"about":[{"href":"https:\/\/swietyjerzy.elblag.pl\/index.php\/wp-json\/wp\/v2\/types\/post"}],"author":[{"embeddable":true,"href":"https:\/\/swietyjerzy.elblag.pl\/index.php\/wp-json\/wp\/v2\/users\/1"}],"replies":[{"embeddable":true,"href":"https:\/\/swietyjerzy.elblag.pl\/index.php\/wp-json\/wp\/v2\/comments?post=13795"}],"version-history":[{"count":3,"href":"https:\/\/swietyjerzy.elblag.pl\/index.php\/wp-json\/wp\/v2\/posts\/13795\/revisions"}],"predecessor-version":[{"id":13801,"href":"https:\/\/swietyjerzy.elblag.pl\/index.php\/wp-json\/wp\/v2\/posts\/13795\/revisions\/13801"}],"wp:featuredmedia":[{"embeddable":true,"href":"https:\/\/swietyjerzy.elblag.pl\/index.php\/wp-json\/wp\/v2\/media\/13798"}],"wp:attachment":[{"href":"https:\/\/swietyjerzy.elblag.pl\/index.php\/wp-json\/wp\/v2\/media?parent=13795"}],"wp:term":[{"taxonomy":"category","embeddable":true,"href":"https:\/\/swietyjerzy.elblag.pl\/index.php\/wp-json\/wp\/v2\/categories?post=13795"},{"taxonomy":"post_tag","embeddable":true,"href":"https:\/\/swietyjerzy.elblag.pl\/index.php\/wp-json\/wp\/v2\/tags?post=13795"}],"curies":[{"name":"wp","href":"https:\/\/api.w.org\/{rel}","templated":true}]}}