{"id":13789,"date":"2023-12-13T11:38:43","date_gmt":"2023-12-13T11:38:43","guid":{"rendered":"https:\/\/swietyjerzy.elblag.pl\/?p=13789"},"modified":"2023-12-13T11:44:44","modified_gmt":"2023-12-13T11:44:44","slug":"rozdzial-kosciola-od-panstwa-rozwazania-ks-andrzeja-kilanowskiego","status":"publish","type":"post","link":"https:\/\/swietyjerzy.elblag.pl\/index.php\/2023\/12\/13\/rozdzial-kosciola-od-panstwa-rozwazania-ks-andrzeja-kilanowskiego\/","title":{"rendered":"WIARYGODNY | Rozdzia\u0142 Ko\u015bcio\u0142a od pa\u0144stwa"},"content":{"rendered":"\n<p><strong>Zapraszamy do rozwa\u017ca\u0144 na czas adwentu ksi\u0119dza doktora Andrzeja Kilanowskiego, s\u0105 one po\u015bwi\u0119cone rozdzia\u0142owi Ko\u015bcio\u0142a od pa\u0144stwa.<\/strong><\/p>\n\n\n\n<p>&#8220;Przed nami ciekawe miesi\u0105ce, mo\u017ce lata tego, co si\u0119 b\u0119dzie nowego tworzy\u0107 w Ko\u015bciele, samorz\u0105dno\u015bci i pa\u0144stwowo\u015bci naszego kraju, ale ja chc\u0119 by\u0107 optymist\u0105, \u017ce istnieje mo\u017cliwo\u015b\u0107 kr\u00f3lowania \u015bwiata warto\u015bci, gdzie warto\u015bci duchowe te\u017c b\u0119d\u0105 mia\u0142y swoje prawo, ale w kt\u00f3rych znajdzie si\u0119 przestrze\u0144 dla tolerancji i zrozumienia dla tego, kto jest odmienny, albo dlatego, kto chce inaczej my\u015ble\u0107 i post\u0119powa\u0107&#8221; &#8211; dodaje ks. doktor Andrzej Kilanowski.<\/p>\n\n\n\n<p>Wi\u0119cej w materiale filmowym.<\/p>\n\n\n\n<p><\/p>\n\n\n\n<style>.rsp-cont{position:relative;display:block;width:100%;padding:0;overflow:hidden;box-sizing:border-box}.rsp-cont::before{display:block;padding-top:56.25%;box-sizing:border-box;content:''}.rsp-ifrm{position:absolute;top:0;bottom:0;left:0;width:100%;height:100%;border:0;box-sizing:border-box}.rsp-cont.noposter::before{padding-top:112px}<\/style>\n<div class=\"rsp-cont \"><iframe id=\"embed-1281\" class=\"rsp-ifrm\" src=\"https:\/\/www.expresselblag.pl\/player\/embed\/91cecdff3a5558018024316178f2cc51d48ef0ba\"  title=\"wiarygodny-kilanowski-koscol-panstwo.mp4\" frameborder=\"0\" allow=\"accelerometer; autoplay; clipboard-write; encrypted-media; gyroscope; picture-in-picture\" allowfullscreen><\/iframe><\/div>\n\n\n\n<p>\u0179r\u00f3d\u0142o: <a href=\"https:\/\/www.expresselblag.pl\/artykul\/15169,rozdzial-kosciola-od-panstwa-rozwazania-ks-andrzeja-kilanowskiego\" data-type=\"link\" data-id=\"https:\/\/www.expresselblag.pl\/artykul\/15169,rozdzial-kosciola-od-panstwa-rozwazania-ks-andrzeja-kilanowskiego\">www.expresselblag.pl<\/a><\/p>\n","protected":false},"excerpt":{"rendered":"<p>Zapraszamy do rozwa\u017ca\u0144 na czas adwentu ksi\u0119dza doktora Andrzeja Kilanowskiego, s\u0105 one po\u015bwi\u0119cone rozdzia\u0142owi Ko\u015bcio\u0142a od pa\u0144stwa&#8230;.<\/p>\n","protected":false},"author":1,"featured_media":13790,"comment_status":"open","ping_status":"open","sticky":false,"template":"","format":"standard","meta":{"_tbt_post_transparent":"","_tbt_post_title":"","_tbt_post_layout":"","_tbt_post_sidebar_id":"","_tbt_post_content_style":"","_tbt_post_vertical_padding":"","_tbt_post_feature":"","_tbt_post_feature_position":"","_tbt_post_header":false,"_tbt_post_footer":false},"categories":[34],"tags":[],"class_list":["post-13789","post","type-post","status-publish","format-standard","has-post-thumbnail","hentry","category-aktualnosci"],"_links":{"self":[{"href":"https:\/\/swietyjerzy.elblag.pl\/index.php\/wp-json\/wp\/v2\/posts\/13789","targetHints":{"allow":["GET"]}}],"collection":[{"href":"https:\/\/swietyjerzy.elblag.pl\/index.php\/wp-json\/wp\/v2\/posts"}],"about":[{"href":"https:\/\/swietyjerzy.elblag.pl\/index.php\/wp-json\/wp\/v2\/types\/post"}],"author":[{"embeddable":true,"href":"https:\/\/swietyjerzy.elblag.pl\/index.php\/wp-json\/wp\/v2\/users\/1"}],"replies":[{"embeddable":true,"href":"https:\/\/swietyjerzy.elblag.pl\/index.php\/wp-json\/wp\/v2\/comments?post=13789"}],"version-history":[{"count":4,"href":"https:\/\/swietyjerzy.elblag.pl\/index.php\/wp-json\/wp\/v2\/posts\/13789\/revisions"}],"predecessor-version":[{"id":13794,"href":"https:\/\/swietyjerzy.elblag.pl\/index.php\/wp-json\/wp\/v2\/posts\/13789\/revisions\/13794"}],"wp:featuredmedia":[{"embeddable":true,"href":"https:\/\/swietyjerzy.elblag.pl\/index.php\/wp-json\/wp\/v2\/media\/13790"}],"wp:attachment":[{"href":"https:\/\/swietyjerzy.elblag.pl\/index.php\/wp-json\/wp\/v2\/media?parent=13789"}],"wp:term":[{"taxonomy":"category","embeddable":true,"href":"https:\/\/swietyjerzy.elblag.pl\/index.php\/wp-json\/wp\/v2\/categories?post=13789"},{"taxonomy":"post_tag","embeddable":true,"href":"https:\/\/swietyjerzy.elblag.pl\/index.php\/wp-json\/wp\/v2\/tags?post=13789"}],"curies":[{"name":"wp","href":"https:\/\/api.w.org\/{rel}","templated":true}]}}