{"id":13374,"date":"2023-12-01T13:32:31","date_gmt":"2023-12-01T13:32:31","guid":{"rendered":"https:\/\/swietyjerzy.elblag.pl\/?p=13374"},"modified":"2023-12-02T14:13:47","modified_gmt":"2023-12-02T14:13:47","slug":"rekolekcjonista-wywiad-z-tegorocznym","status":"publish","type":"post","link":"https:\/\/swietyjerzy.elblag.pl\/index.php\/2023\/12\/01\/rekolekcjonista-wywiad-z-tegorocznym\/","title":{"rendered":"Rekolekcjonista &#8211; wywiad z tegorocznym"},"content":{"rendered":"\n<p>AK: Pierwsze rekolekcje w \u017cyciu?<\/p>\n\n\n\n<p>Ks. Marcin Pinkiewicz: Chyba w Stegnie, gdy proboszczem by\u0142\u2026<\/p>\n\n\n\n<p>AK: Nie tak szybko, pierwsze zapami\u0119tane. Jako dziecko. Pewnie w Milejewie?<\/p>\n\n\n\n<p>MP: Starszy kap\u0142an z Warmii. Ci\u0105gle powtarza\u0142 \u201eCho\u0107by wasze grzechy by\u0142y jak szkar\u0142at \u2013 po nawr\u00f3ceniu wybielej\u0105\u201d<\/p>\n\n\n\n<p>AK: A szko\u0142a \u015brednia?<\/p>\n\n\n\n<p>MP: \u201eJezuicka Szko\u0142a Kontaktu z Bogiem\u201d a potem cykliczne rekolekcje u nich w Gdyni.<\/p>\n\n\n\n<p>AK: A najwa\u017cniejsze podczas studi\u00f3w w seminarium?<\/p>\n\n\n\n<p>MP: Te pierwsze prowadzone przez o. J\u00f3zefa Augustyna.<\/p>\n\n\n\n<p>AK: Te\u017c jezuita. A ju\u017c potem, w \u017cyciu kap\u0142a\u0144skim? Wiem, \u017ce ksi\u0105dz lubi g\u0142osi\u0107 rekolekcje, prowadzi\u0107 konferencje duchowne, dni skupienia. Ile tego by\u0142o?<\/p>\n\n\n\n<p>MP: Nigdy tego nie liczy\u0142em. Ale jest tego naprawd\u0119 du\u017co. Nie tylko w naszej diecezji.<\/p>\n\n\n\n<p>AK: Jest ksi\u0105dz ojcem duchownym w seminarium. Jakimi odbiorcami s\u0105 klerycy?<\/p>\n\n\n\n<p>MP: (d\u0142uga pauza, a po niej). Audytorium nie jest \u0142atwe. Kontakt czasem utrudniony. Trzeba ich przekona\u0107 do siebie i do tego co i jak si\u0119 m\u00f3wi. Jak uda si\u0119 to zrobi\u0107, to wszystko staje si\u0119 proste. S\u0105 wdzi\u0119cznymi odbiorcami.<\/p>\n\n\n\n<p>AK: Jakie b\u0119d\u0105 rekolekcje u \u015bw. Jerzego?<\/p>\n\n\n\n<p>MP: Ufam, \u017ce z Bo\u017c\u0105 pomoc\u0105 \u2013 dobre. Ciesz\u0119 si\u0119 na nie. Od tylu lat opiekuj\u0119 si\u0119 ko\u015bci\u00f3\u0142kiem \u015bw. Jerzego i siostrami klaryskami. Dobrze, \u017ce si\u0119 na nich spotkamy. Zapraszam ju\u017c w najbli\u017csz\u0105 niedziel\u0119.<\/p>\n","protected":false},"excerpt":{"rendered":"<p>AK: Pierwsze rekolekcje w \u017cyciu? Ks. Marcin Pinkiewicz: Chyba w Stegnie, gdy proboszczem by\u0142\u2026 AK: Nie tak&#8230;<\/p>\n","protected":false},"author":1,"featured_media":13375,"comment_status":"open","ping_status":"open","sticky":false,"template":"","format":"standard","meta":{"_tbt_post_transparent":"","_tbt_post_title":"","_tbt_post_layout":"","_tbt_post_sidebar_id":"","_tbt_post_content_style":"","_tbt_post_vertical_padding":"","_tbt_post_feature":"","_tbt_post_feature_position":"","_tbt_post_header":false,"_tbt_post_footer":false},"categories":[34,1],"tags":[],"class_list":["post-13374","post","type-post","status-publish","format-standard","has-post-thumbnail","hentry","category-aktualnosci","category-bez-kategorii"],"_links":{"self":[{"href":"https:\/\/swietyjerzy.elblag.pl\/index.php\/wp-json\/wp\/v2\/posts\/13374","targetHints":{"allow":["GET"]}}],"collection":[{"href":"https:\/\/swietyjerzy.elblag.pl\/index.php\/wp-json\/wp\/v2\/posts"}],"about":[{"href":"https:\/\/swietyjerzy.elblag.pl\/index.php\/wp-json\/wp\/v2\/types\/post"}],"author":[{"embeddable":true,"href":"https:\/\/swietyjerzy.elblag.pl\/index.php\/wp-json\/wp\/v2\/users\/1"}],"replies":[{"embeddable":true,"href":"https:\/\/swietyjerzy.elblag.pl\/index.php\/wp-json\/wp\/v2\/comments?post=13374"}],"version-history":[{"count":2,"href":"https:\/\/swietyjerzy.elblag.pl\/index.php\/wp-json\/wp\/v2\/posts\/13374\/revisions"}],"predecessor-version":[{"id":13627,"href":"https:\/\/swietyjerzy.elblag.pl\/index.php\/wp-json\/wp\/v2\/posts\/13374\/revisions\/13627"}],"wp:featuredmedia":[{"embeddable":true,"href":"https:\/\/swietyjerzy.elblag.pl\/index.php\/wp-json\/wp\/v2\/media\/13375"}],"wp:attachment":[{"href":"https:\/\/swietyjerzy.elblag.pl\/index.php\/wp-json\/wp\/v2\/media?parent=13374"}],"wp:term":[{"taxonomy":"category","embeddable":true,"href":"https:\/\/swietyjerzy.elblag.pl\/index.php\/wp-json\/wp\/v2\/categories?post=13374"},{"taxonomy":"post_tag","embeddable":true,"href":"https:\/\/swietyjerzy.elblag.pl\/index.php\/wp-json\/wp\/v2\/tags?post=13374"}],"curies":[{"name":"wp","href":"https:\/\/api.w.org\/{rel}","templated":true}]}}