{"id":13371,"date":"2023-12-01T13:26:28","date_gmt":"2023-12-01T13:26:28","guid":{"rendered":"https:\/\/swietyjerzy.elblag.pl\/?p=13371"},"modified":"2023-12-02T14:13:52","modified_gmt":"2023-12-02T14:13:52","slug":"za-i-dla-tych-ktorzy-przestali-chodzic-do-kosciola","status":"publish","type":"post","link":"https:\/\/swietyjerzy.elblag.pl\/index.php\/2023\/12\/01\/za-i-dla-tych-ktorzy-przestali-chodzic-do-kosciola\/","title":{"rendered":"Za i dla tych, kt\u00f3rzy przestali chodzi\u0107 do ko\u015bcio\u0142a"},"content":{"rendered":"\n<p>3 grudnia startuj\u0105 rekolekcje adwentowe. Poprowadzi je ks. Marcin Pinkiewicz, ojciec duchowny WSD w Elbl\u0105gu. Na wtorkowe modlitwy i nauki zapraszamy rodzic\u00f3w i dziadk\u00f3w, kt\u00f3rych dzieci i wnuki przesta\u0142y chodzi\u0107 do ko\u015bcio\u0142a. Mo\u017cna ich te\u017c zaprosi\u0107. B\u0119dziemy si\u0119 modli\u0107 by nie popada\u0107 w zniech\u0119cenie, by nie ograniczy\u0107 si\u0119 do smutku czy czepialskich pretensji.\u00a0Patronowa\u0107 nam b\u0119dzie nie tylko \u015bw. Rita ale przede wszystkim \u015bw. Franciszek z Asy\u017cu, patron wdzi\u0119czno\u015bci. Niechodzenie do ko\u015bcio\u0142a jest smutne, nie przekre\u015bla jednak wi\u0119zi z naszymi najbli\u017cszymi. Pami\u0119tajmy o tym.<\/p>\n","protected":false},"excerpt":{"rendered":"<p>3 grudnia startuj\u0105 rekolekcje adwentowe. Poprowadzi je ks. Marcin Pinkiewicz, ojciec duchowny WSD w Elbl\u0105gu. Na wtorkowe&#8230;<\/p>\n","protected":false},"author":1,"featured_media":13372,"comment_status":"open","ping_status":"open","sticky":false,"template":"","format":"standard","meta":{"_tbt_post_transparent":"","_tbt_post_title":"","_tbt_post_layout":"","_tbt_post_sidebar_id":"","_tbt_post_content_style":"","_tbt_post_vertical_padding":"","_tbt_post_feature":"","_tbt_post_feature_position":"","_tbt_post_header":false,"_tbt_post_footer":false},"categories":[34,1],"tags":[],"class_list":["post-13371","post","type-post","status-publish","format-standard","has-post-thumbnail","hentry","category-aktualnosci","category-bez-kategorii"],"_links":{"self":[{"href":"https:\/\/swietyjerzy.elblag.pl\/index.php\/wp-json\/wp\/v2\/posts\/13371","targetHints":{"allow":["GET"]}}],"collection":[{"href":"https:\/\/swietyjerzy.elblag.pl\/index.php\/wp-json\/wp\/v2\/posts"}],"about":[{"href":"https:\/\/swietyjerzy.elblag.pl\/index.php\/wp-json\/wp\/v2\/types\/post"}],"author":[{"embeddable":true,"href":"https:\/\/swietyjerzy.elblag.pl\/index.php\/wp-json\/wp\/v2\/users\/1"}],"replies":[{"embeddable":true,"href":"https:\/\/swietyjerzy.elblag.pl\/index.php\/wp-json\/wp\/v2\/comments?post=13371"}],"version-history":[{"count":2,"href":"https:\/\/swietyjerzy.elblag.pl\/index.php\/wp-json\/wp\/v2\/posts\/13371\/revisions"}],"predecessor-version":[{"id":13626,"href":"https:\/\/swietyjerzy.elblag.pl\/index.php\/wp-json\/wp\/v2\/posts\/13371\/revisions\/13626"}],"wp:featuredmedia":[{"embeddable":true,"href":"https:\/\/swietyjerzy.elblag.pl\/index.php\/wp-json\/wp\/v2\/media\/13372"}],"wp:attachment":[{"href":"https:\/\/swietyjerzy.elblag.pl\/index.php\/wp-json\/wp\/v2\/media?parent=13371"}],"wp:term":[{"taxonomy":"category","embeddable":true,"href":"https:\/\/swietyjerzy.elblag.pl\/index.php\/wp-json\/wp\/v2\/categories?post=13371"},{"taxonomy":"post_tag","embeddable":true,"href":"https:\/\/swietyjerzy.elblag.pl\/index.php\/wp-json\/wp\/v2\/tags?post=13371"}],"curies":[{"name":"wp","href":"https:\/\/api.w.org\/{rel}","templated":true}]}}