{"id":13368,"date":"2023-12-01T13:24:21","date_gmt":"2023-12-01T13:24:21","guid":{"rendered":"https:\/\/swietyjerzy.elblag.pl\/?p=13368"},"modified":"2023-12-02T14:13:56","modified_gmt":"2023-12-02T14:13:56","slug":"siedem-dziesiatek-rozanca","status":"publish","type":"post","link":"https:\/\/swietyjerzy.elblag.pl\/index.php\/2023\/12\/01\/siedem-dziesiatek-rozanca\/","title":{"rendered":"Siedem dziesi\u0105tek R\u00f3\u017ca\u0144ca"},"content":{"rendered":"\n<p class=\"has-small-font-size\">Na zako\u0144czenie wtorkowego r\u00f3\u017ca\u0144ca utworzyli\u015bmy \u017cywy r\u00f3\u017caniec, nie z koralik\u00f3w ale z dzieci. Wysz\u0142o dobrze. Tyle tylko, \u017ce dziesi\u0105tek r\u00f3\u017ca\u0144ca by\u0142o nie 5 ale 7. Chodzi\u0142o o w\u0142\u0105czenie wszystkich dzieci. Teraz trzeba tylko wymy\u015bli\u0107 kolejne dwie nowe tajemnice. We wtorek odmawiali\u015bmy bolesne. Jakie\u015b propozycje dw\u00f3ch nowych tajemnic bolesnych?<\/p>\n","protected":false},"excerpt":{"rendered":"<p>Na zako\u0144czenie wtorkowego r\u00f3\u017ca\u0144ca utworzyli\u015bmy \u017cywy r\u00f3\u017caniec, nie z koralik\u00f3w ale z dzieci. Wysz\u0142o dobrze. Tyle tylko,&#8230;<\/p>\n","protected":false},"author":1,"featured_media":13369,"comment_status":"open","ping_status":"open","sticky":false,"template":"","format":"standard","meta":{"_tbt_post_transparent":"","_tbt_post_title":"","_tbt_post_layout":"","_tbt_post_sidebar_id":"","_tbt_post_content_style":"","_tbt_post_vertical_padding":"","_tbt_post_feature":"","_tbt_post_feature_position":"","_tbt_post_header":false,"_tbt_post_footer":false},"categories":[34,1],"tags":[],"class_list":["post-13368","post","type-post","status-publish","format-standard","has-post-thumbnail","hentry","category-aktualnosci","category-bez-kategorii"],"_links":{"self":[{"href":"https:\/\/swietyjerzy.elblag.pl\/index.php\/wp-json\/wp\/v2\/posts\/13368","targetHints":{"allow":["GET"]}}],"collection":[{"href":"https:\/\/swietyjerzy.elblag.pl\/index.php\/wp-json\/wp\/v2\/posts"}],"about":[{"href":"https:\/\/swietyjerzy.elblag.pl\/index.php\/wp-json\/wp\/v2\/types\/post"}],"author":[{"embeddable":true,"href":"https:\/\/swietyjerzy.elblag.pl\/index.php\/wp-json\/wp\/v2\/users\/1"}],"replies":[{"embeddable":true,"href":"https:\/\/swietyjerzy.elblag.pl\/index.php\/wp-json\/wp\/v2\/comments?post=13368"}],"version-history":[{"count":2,"href":"https:\/\/swietyjerzy.elblag.pl\/index.php\/wp-json\/wp\/v2\/posts\/13368\/revisions"}],"predecessor-version":[{"id":13625,"href":"https:\/\/swietyjerzy.elblag.pl\/index.php\/wp-json\/wp\/v2\/posts\/13368\/revisions\/13625"}],"wp:featuredmedia":[{"embeddable":true,"href":"https:\/\/swietyjerzy.elblag.pl\/index.php\/wp-json\/wp\/v2\/media\/13369"}],"wp:attachment":[{"href":"https:\/\/swietyjerzy.elblag.pl\/index.php\/wp-json\/wp\/v2\/media?parent=13368"}],"wp:term":[{"taxonomy":"category","embeddable":true,"href":"https:\/\/swietyjerzy.elblag.pl\/index.php\/wp-json\/wp\/v2\/categories?post=13368"},{"taxonomy":"post_tag","embeddable":true,"href":"https:\/\/swietyjerzy.elblag.pl\/index.php\/wp-json\/wp\/v2\/tags?post=13368"}],"curies":[{"name":"wp","href":"https:\/\/api.w.org\/{rel}","templated":true}]}}